
{"id":1064,"date":"2016-08-16T07:51:59","date_gmt":"2016-08-16T07:51:59","guid":{"rendered":"http:\/\/www.kanacollection.com\/?p=1064"},"modified":"2016-08-16T08:05:41","modified_gmt":"2016-08-16T08:05:41","slug":"kana-collectionin-pompeli-tapahtumissa-su-21-8-kaivopuisto-hki-la-su-27-28-8-myyrmakihalli-vantaa","status":"publish","type":"post","link":"http:\/\/www.kanacollection.com\/sv\/kana-collectionin-pompeli-tapahtumissa-su-21-8-kaivopuisto-hki-la-su-27-28-8-myyrmakihalli-vantaa\/","title":{"rendered":"Kana Collectionin p\u00f6mpeli tapahtumissa: SU 21.8. Kaivopuisto, HKI, LA-SU 27.-28.8. Myyrm\u00e4kihalli, Vantaa"},"content":{"rendered":"<p>Heihoi ja iloista elokuuta!<\/p>\n<p>Kana Collectionin pantateline on liikenteess\u00e4!\u00a0Mukana koko mallisto, handmade-varaston j\u00e4m\u00e4t ja pikku tarjouksia. \ud83d\ude09 Tulkaahan shoppailemaan!<\/p>\n<p>P\u00f6mpeli komeilee seuraavissa tapahtumissa:<\/p>\n<p>SU 21.8.16 <a href=\"http:\/\/www.kaivari.info\">K\u00e4\u00e4pi\u00f6koirien erikoisn\u00e4yttely<\/a>, Kaivopuisto, HKI. <a href=\"http:\/\/www.toniadesign.com\">Tonia Design<\/a> -koiranvaatehtimon kanssa yhteisosastolla.<\/p>\n<p>LA-SU 27.-28.8.16 <a href=\"http:\/\/www.lapsetjalemmikit.fi\">Lapset ja lemmikit -messut<\/a>, Myyrm\u00e4kihalli, Vantaa<\/p>\n<p>Lapset ja Lemmikit -messuilla Kanan kanssa juontohommissa aina niin ihana Tea! Tea ja Kana jakavat my\u00f6s nimmareita ja myyv\u00e4t fanituotteita Kana Collectionin osastolla esiintymisareenan vieress\u00e4. Tervetuloa!<\/p>\n<p><a href=\"http:\/\/www.kanacollection.com\/wp-content\/uploads\/2016\/08\/Kana-ja-Tea-promokuvaWEB.jpg\"><img loading=\"lazy\" class=\"size-large wp-image-1065 alignleft\" src=\"http:\/\/www.kanacollection.com\/wp-content\/uploads\/2016\/08\/Kana-ja-Tea-promokuvaWEB-1024x902.jpg\" alt=\"Kana-ja-Tea-promokuvaWEB\" width=\"720\" height=\"634\" srcset=\"http:\/\/www.kanacollection.com\/wp-content\/uploads\/2016\/08\/Kana-ja-Tea-promokuvaWEB-1024x902.jpg 1024w, http:\/\/www.kanacollection.com\/wp-content\/uploads\/2016\/08\/Kana-ja-Tea-promokuvaWEB-300x264.jpg 300w\" sizes=\"(max-width: 720px) 100vw, 720px\" \/><\/a><\/p>\n<p>&nbsp;<\/p>\n","protected":false},"excerpt":{"rendered":"<p>Heihoi ja iloista elokuuta! Kana Collectionin pantateline on liikenteess\u00e4!\u00a0Mukana koko mallisto, handmade-varaston j\u00e4m\u00e4t ja pikku tarjouksia. \ud83d\ude09 Tulkaahan shoppailemaan! P\u00f6mpeli komeilee seuraavissa tapahtumissa: SU 21.8.16 K\u00e4\u00e4pi\u00f6koirien erikoisn\u00e4yttely, Kaivopuisto, HKI. Tonia Design -koiranvaatehtimon kanssa yhteisosastolla.&#46;&#46;&#46;<\/p>\n","protected":false},"author":2,"featured_media":502,"comment_status":"open","ping_status":"open","sticky":false,"template":"","format":"standard","meta":[],"categories":[1],"tags":[],"_links":{"self":[{"href":"http:\/\/www.kanacollection.com\/sv\/wp-json\/wp\/v2\/posts\/1064"}],"collection":[{"href":"http:\/\/www.kanacollection.com\/sv\/wp-json\/wp\/v2\/posts"}],"about":[{"href":"http:\/\/www.kanacollection.com\/sv\/wp-json\/wp\/v2\/types\/post"}],"author":[{"embeddable":true,"href":"http:\/\/www.kanacollection.com\/sv\/wp-json\/wp\/v2\/users\/2"}],"replies":[{"embeddable":true,"href":"http:\/\/www.kanacollection.com\/sv\/wp-json\/wp\/v2\/comments?post=1064"}],"version-history":[{"count":4,"href":"http:\/\/www.kanacollection.com\/sv\/wp-json\/wp\/v2\/posts\/1064\/revisions"}],"predecessor-version":[{"id":1070,"href":"http:\/\/www.kanacollection.com\/sv\/wp-json\/wp\/v2\/posts\/1064\/revisions\/1070"}],"wp:featuredmedia":[{"embeddable":true,"href":"http:\/\/www.kanacollection.com\/sv\/wp-json\/wp\/v2\/media\/502"}],"wp:attachment":[{"href":"http:\/\/www.kanacollection.com\/sv\/wp-json\/wp\/v2\/media?parent=1064"}],"wp:term":[{"taxonomy":"category","embeddable":true,"href":"http:\/\/www.kanacollection.com\/sv\/wp-json\/wp\/v2\/categories?post=1064"},{"taxonomy":"post_tag","embeddable":true,"href":"http:\/\/www.kanacollection.com\/sv\/wp-json\/wp\/v2\/tags?post=1064"}],"curies":[{"name":"wp","href":"https:\/\/api.w.org\/{rel}","templated":true}]}}